{"id":333,"date":"2026-03-11T08:05:23","date_gmt":"2026-03-11T08:05:23","guid":{"rendered":"https:\/\/lippe-ol.de\/?p=333"},"modified":"2026-03-11T08:05:23","modified_gmt":"2026-03-11T08:05:23","slug":"los24-wochenende","status":"publish","type":"post","link":"https:\/\/lippe-ol.de\/?p=333","title":{"rendered":"LOS24 Wochenende"},"content":{"rendered":"\n<p>Zum ersten Mal richtete das OL Team Lippe ein Wochenende mit zwei Wettk\u00e4mpfen eigenst\u00e4ndig aus. Am Samstagnachmittag fand in Hillentrup eine Mitteldistanz statt. Auf der Karte der DM Mittel 2018 durften die leider nur wenigen Teilnehmer auch in ein damals nicht genutztes Gebiet laufen. <\/p>\n\n\n\n<figure class=\"wp-block-image size-full\"><img loading=\"lazy\" decoding=\"async\" width=\"702\" height=\"561\" src=\"https:\/\/lippe-ol.de\/wp-content\/uploads\/2026\/03\/Ausschnitt_LRL-Mittel_2024_B1.jpg\" alt=\"\" class=\"wp-image-347\" srcset=\"https:\/\/lippe-ol.de\/wp-content\/uploads\/2026\/03\/Ausschnitt_LRL-Mittel_2024_B1.jpg 702w, https:\/\/lippe-ol.de\/wp-content\/uploads\/2026\/03\/Ausschnitt_LRL-Mittel_2024_B1-300x240.jpg 300w\" sizes=\"auto, (max-width: 702px) 100vw, 702px\" \/><\/figure>\n\n\n\n<p>Bei dem Doppel-Sprint in Detmold am Sonntag mussten zwei komplett neue Karten belaufen werden. Beide L\u00e4ufe z\u00e4hlten zusammen addiert als Landesmeisterschaft bzw. als Wertungslauf zur Deutschen Parktour. <\/p>\n\n\n\n<p>Im ersten Teile ging es \u00fcber eine Schulgel\u00e4nde mit verschiedenen H\u00f6hen \u00fcber ein Park- und Wohngebiet zum Lippischen Kreishaus, in dem man wieder die Konzentration hochfahren musste.<\/p>\n\n\n\n<p>Der zweite Teil bot mit dem Campus der TH OWL, des Felix-Fechenbach-Berufsschule und dem Schulzentrum West drei Inseln mit kurzen Postenverbindungen und dazwischen l\u00e4ngere Routenwahlen. Insbesondere das Gel\u00e4nde der TH OWL mit zwei Ebenen sorgte f\u00fcr hohen Anspruch.<\/p>\n\n\n\n<figure class=\"wp-block-image size-large\"><img loading=\"lazy\" decoding=\"async\" width=\"1024\" height=\"725\" src=\"https:\/\/lippe-ol.de\/wp-content\/uploads\/2026\/03\/Ausschnitt_LRL-Sprint_Lauf2_Bahn-3-1024x725.jpg\" alt=\"\" class=\"wp-image-346\" srcset=\"https:\/\/lippe-ol.de\/wp-content\/uploads\/2026\/03\/Ausschnitt_LRL-Sprint_Lauf2_Bahn-3-1024x725.jpg 1024w, https:\/\/lippe-ol.de\/wp-content\/uploads\/2026\/03\/Ausschnitt_LRL-Sprint_Lauf2_Bahn-3-300x212.jpg 300w, https:\/\/lippe-ol.de\/wp-content\/uploads\/2026\/03\/Ausschnitt_LRL-Sprint_Lauf2_Bahn-3-768x544.jpg 768w, https:\/\/lippe-ol.de\/wp-content\/uploads\/2026\/03\/Ausschnitt_LRL-Sprint_Lauf2_Bahn-3-1536x1087.jpg 1536w, https:\/\/lippe-ol.de\/wp-content\/uploads\/2026\/03\/Ausschnitt_LRL-Sprint_Lauf2_Bahn-3.jpg 1581w\" sizes=\"auto, (max-width: 1024px) 100vw, 1024px\" \/><\/figure>\n\n\n\n<p>Auch wenn der Auftakt in Hillentrup nicht ganz rund lief, war es ein sch\u00f6nes OL-Wochenende. Lediglich die Teilnehmerzahl war etwas frustrierend.<\/p>\n\n\n\n<p><\/p>\n","protected":false},"excerpt":{"rendered":"<p>Zum ersten Mal richtete das OL Team Lippe ein Wochenende mit zwei Wettk\u00e4mpfen eigenst\u00e4ndig aus. Am Samstagnachmittag fand in Hillentrup eine Mitteldistanz statt. Auf der Karte der DM Mittel 2018 durften die leider nur wenigen Teilnehmer auch in ein damals nicht genutztes Gebiet laufen. Bei dem Doppel-Sprint in Detmold am Sonntag mussten zwei komplett neue<\/p><\/div>\n<div class=\"blog-btn\"><a href=\"https:\/\/lippe-ol.de\/?p=333\" class=\"home-blog-btn\">Weiterlesen<\/a><\/p>\n","protected":false},"author":1,"featured_media":0,"comment_status":"open","ping_status":"open","sticky":false,"template":"","format":"standard","meta":{"footnotes":""},"categories":[1],"tags":[],"class_list":["post-333","post","type-post","status-publish","format-standard","hentry","category-uncategorized"],"_links":{"self":[{"href":"https:\/\/lippe-ol.de\/index.php?rest_route=\/wp\/v2\/posts\/333","targetHints":{"allow":["GET"]}}],"collection":[{"href":"https:\/\/lippe-ol.de\/index.php?rest_route=\/wp\/v2\/posts"}],"about":[{"href":"https:\/\/lippe-ol.de\/index.php?rest_route=\/wp\/v2\/types\/post"}],"author":[{"embeddable":true,"href":"https:\/\/lippe-ol.de\/index.php?rest_route=\/wp\/v2\/users\/1"}],"replies":[{"embeddable":true,"href":"https:\/\/lippe-ol.de\/index.php?rest_route=%2Fwp%2Fv2%2Fcomments&post=333"}],"version-history":[{"count":4,"href":"https:\/\/lippe-ol.de\/index.php?rest_route=\/wp\/v2\/posts\/333\/revisions"}],"predecessor-version":[{"id":348,"href":"https:\/\/lippe-ol.de\/index.php?rest_route=\/wp\/v2\/posts\/333\/revisions\/348"}],"wp:attachment":[{"href":"https:\/\/lippe-ol.de\/index.php?rest_route=%2Fwp%2Fv2%2Fmedia&parent=333"}],"wp:term":[{"taxonomy":"category","embeddable":true,"href":"https:\/\/lippe-ol.de\/index.php?rest_route=%2Fwp%2Fv2%2Fcategories&post=333"},{"taxonomy":"post_tag","embeddable":true,"href":"https:\/\/lippe-ol.de\/index.php?rest_route=%2Fwp%2Fv2%2Ftags&post=333"}],"curies":[{"name":"wp","href":"https:\/\/api.w.org\/{rel}","templated":true}]}}