{"id":323,"date":"2026-03-11T08:04:57","date_gmt":"2026-03-11T08:04:57","guid":{"rendered":"https:\/\/lippe-ol.de\/?p=323"},"modified":"2026-03-11T08:04:57","modified_gmt":"2026-03-11T08:04:57","slug":"oster-ol-und-trainingslager-jwoc-in-tschechien","status":"publish","type":"post","link":"https:\/\/lippe-ol.de\/?p=323","title":{"rendered":"Oster OL und Trainingslager JWOC in Tschechien"},"content":{"rendered":"\n<p>Gute Belaufbarkeit, Sandsteinfelsen satt und ordentliche H\u00f6henmeter. Drei entspannte Wettk\u00e4mpfe beim Prague Easter in Doksy hatten wir uns f\u00fcr dieses Jahr als Oster OL ausgesucht. Und wir wurden nicht entt\u00e4uscht, auch Senioren mussten so wie wir die steilen H\u00e4nge bew\u00e4ltigen. Auch weil f\u00fcr Emma im Anschluss das offizielle JWOC Trainingslager in Pilsen auf dem Plan stand.<\/p>\n\n\n\n<p>Leider konnte Emma an dem ersten organisierten Lauf f\u00fcr das TL wegen Erkrankung nicht teilnehmen, aber daf\u00fcr sprang Lola ein und schnupperte internationales Training mit L\u00e4uferinnen aus Finnland, Belgien, Irland, Neuseeland. Nach einem lockeren Einstieg mit einem Korridor-OL folgte dann am n\u00e4chsten Tag eine Staffel mit sich selbst (3 variierende Bahnen nacheinander ablaufen). Bei der Startaufstellung haben sich die Finninen (wei\u00dfes Shirt, blaue Hose) schon einmal ganz vorne positioniert.<\/p>\n\n\n\n<figure class=\"wp-block-image size-large\"><img loading=\"lazy\" decoding=\"async\" width=\"1024\" height=\"768\" src=\"https:\/\/lippe-ol.de\/wp-content\/uploads\/2026\/03\/20240404_160218-1024x768.jpg\" alt=\"Massenstart Staffel\" class=\"wp-image-350\" srcset=\"https:\/\/lippe-ol.de\/wp-content\/uploads\/2026\/03\/20240404_160218-1024x768.jpg 1024w, https:\/\/lippe-ol.de\/wp-content\/uploads\/2026\/03\/20240404_160218-300x225.jpg 300w, https:\/\/lippe-ol.de\/wp-content\/uploads\/2026\/03\/20240404_160218-768x576.jpg 768w, https:\/\/lippe-ol.de\/wp-content\/uploads\/2026\/03\/20240404_160218-1536x1152.jpg 1536w, https:\/\/lippe-ol.de\/wp-content\/uploads\/2026\/03\/20240404_160218-2048x1536.jpg 2048w\" sizes=\"auto, (max-width: 1024px) 100vw, 1024px\" \/><\/figure>\n\n\n\n<p>Zum Abschluss standen noch drei Eettk\u00e4mpfe f\u00fcr alle an. Beginnend mit einem Sprint in Pilsen folgte eine sch\u00f6ne Mitteldistanz. Sonntags folgte dann zum Abschluss noch eine Langdistanz .<\/p>\n","protected":false},"excerpt":{"rendered":"<p>Gute Belaufbarkeit, Sandsteinfelsen satt und ordentliche H\u00f6henmeter. Drei entspannte Wettk\u00e4mpfe beim Prague Easter in Doksy hatten wir uns f\u00fcr dieses Jahr als Oster OL ausgesucht. Und wir wurden nicht entt\u00e4uscht, auch Senioren mussten so wie wir die steilen H\u00e4nge bew\u00e4ltigen. Auch weil f\u00fcr Emma im Anschluss das offizielle JWOC Trainingslager in Pilsen auf dem Plan<\/p><\/div>\n<div class=\"blog-btn\"><a href=\"https:\/\/lippe-ol.de\/?p=323\" class=\"home-blog-btn\">Weiterlesen<\/a><\/p>\n","protected":false},"author":1,"featured_media":0,"comment_status":"open","ping_status":"open","sticky":false,"template":"","format":"standard","meta":{"footnotes":""},"categories":[1],"tags":[],"class_list":["post-323","post","type-post","status-publish","format-standard","hentry","category-uncategorized"],"_links":{"self":[{"href":"https:\/\/lippe-ol.de\/index.php?rest_route=\/wp\/v2\/posts\/323","targetHints":{"allow":["GET"]}}],"collection":[{"href":"https:\/\/lippe-ol.de\/index.php?rest_route=\/wp\/v2\/posts"}],"about":[{"href":"https:\/\/lippe-ol.de\/index.php?rest_route=\/wp\/v2\/types\/post"}],"author":[{"embeddable":true,"href":"https:\/\/lippe-ol.de\/index.php?rest_route=\/wp\/v2\/users\/1"}],"replies":[{"embeddable":true,"href":"https:\/\/lippe-ol.de\/index.php?rest_route=%2Fwp%2Fv2%2Fcomments&post=323"}],"version-history":[{"count":6,"href":"https:\/\/lippe-ol.de\/index.php?rest_route=\/wp\/v2\/posts\/323\/revisions"}],"predecessor-version":[{"id":353,"href":"https:\/\/lippe-ol.de\/index.php?rest_route=\/wp\/v2\/posts\/323\/revisions\/353"}],"wp:attachment":[{"href":"https:\/\/lippe-ol.de\/index.php?rest_route=%2Fwp%2Fv2%2Fmedia&parent=323"}],"wp:term":[{"taxonomy":"category","embeddable":true,"href":"https:\/\/lippe-ol.de\/index.php?rest_route=%2Fwp%2Fv2%2Fcategories&post=323"},{"taxonomy":"post_tag","embeddable":true,"href":"https:\/\/lippe-ol.de\/index.php?rest_route=%2Fwp%2Fv2%2Ftags&post=323"}],"curies":[{"name":"wp","href":"https:\/\/api.w.org\/{rel}","templated":true}]}}