{"id":128,"date":"2020-04-12T06:37:33","date_gmt":"2020-04-12T06:37:33","guid":{"rendered":"http:\/\/lippe-ol.de\/?p=128"},"modified":"2020-04-12T06:37:33","modified_gmt":"2020-04-12T06:37:33","slug":"harz-wir-kommen","status":"publish","type":"post","link":"https:\/\/lippe-ol.de\/?p=128","title":{"rendered":"Harz, wir kommen!"},"content":{"rendered":"\n<p>Mit einer gro\u00dfen Gruppe aus Kindern und Jugendlichen fuhren wir am 13. September zu den Deutschen Staffelmeisterschaften in den Harz. Nachdem leider die eingeplanten Fahrer keine Zeit mehr hatten,  sprang Konstantin im letzten Moment noch als Fahrer ein und es musste kein Kleinbus gechartert werden. Lediglich Emma musste schon am Freitag anreisen, konnte aber daf\u00fcr auch noch bei DPT Sprint mitlaufen.<\/p>\n\n\n\n<p>Beim Massenstart der \u00fcber 200 Startl\u00e4ufer waren unsere Rot-Schwarz-Gelben Shirts in vier Staffeln vertreten, je einmal in der DH10 und in der H14 sowie zweimal als kurze Rahmenstaffel. Am erfolgreichsten schnitten dabei die J\u00fcngsten um Delania, Lola und Benno ab, die hinter dem favoriserten Team aus Dresden Zweite wurden. Die H14 lief in der Besetzung Hugo, Tamino und Louisa zum ersten Mal und belegte Rang 11. In den Rahmenstaffeln liefen Thomas und Volker im vorderen Bereich liegend zusammen in den Wechselbereich. Leider wurde im Laufe des Rennen jedoch einmal eine falsche Karte \u00fcbergeben und einmal ein Posten nicht gestempelt, so das beide Staffeln mit einem Fehlstempel in der Wertung standen. Trotzdem hatten auch Denise, Helene und Finn Spa\u00df bei ihren ersten Deutschen Meisterschaften in der Staffel.<\/p>\n\n\n\n<p>Dazu hatten wir noch zwei Lipper als Fremdstarter an andere Vereine &#8222;verliehen&#8220;. Emma belegte in der D18-Staffel von Wolf Haltern den 7. Platz und Otto lief mit dem SC Bonn auf Rang 14 in der H18.<\/p>\n\n\n\n<p>Am folgenden Sonntag stand dann schon die n\u00e4chste, neue Erfahrung an &#8211; der Mannschftswettbewerb. Hier m\u00fcssen nach einem gemeinsamen Pflichtposten Wahlposten auf die drei Teammitglieder auftgeteilt werden. Diese m\u00fcssen dann nur einmal gestempelt werden, w\u00e4hrend die restlichen Pflichtposten von allen drei L\u00e4ufern angelaufen werden m\u00fcssen. Auch hier konnte die DH 10 wieder den zweiten Platz erlaufen und die H14 zeigte sich deutlich verbessert und belegte den 7. Platz. Auch die Rahmenstaffeln kamen diesmal durch. Denise,  Thomas und die erst am Sonntag angereiste Pia schafften vor der ASG den 6. Rang, Helene, Finn und Volker belegten den 9. Platz von 21 Mannschaften.<\/p>\n\n\n\n<p>Die Fremdstarter konnten sich auch verbessern, so errang Emma mit Wolf Haltern den 6.  Platz und Otto mit dem SC Bonn den 10. Platz. <\/p>\n\n\n\n<p>Auch wenn es zun\u00e4chst etwas problematisch mit dem Fahren aussah, hat es doch geklappt, alle in den Harz zu bekommen und bei herrlichen Sonnenwetter sehr sch\u00f6ne Teamwettk\u00e4mpfe zu laufen. Hier noch einmalein herzlicher Dank an Konstantin, der nicht nur als aktiver Ersatzl\u00e4ufer bei der ASG startete, sondern auch bei der Fr\u00fchst\u00fccksorganisation unterst\u00fctzte. F\u00fcr die Teilnehmer gibt es 2020 damit wieder ein lohnendes Ziel, dann finden die Meisterschaften in Brandenburg statt. Vielleicht kommt ja auch noch der eine oder andere mehr mit.<\/p>\n","protected":false},"excerpt":{"rendered":"<p>Mit einer gro\u00dfen Gruppe aus Kindern und Jugendlichen fuhren wir am 13. September zu den Deutschen Staffelmeisterschaften in den Harz. Nachdem leider die eingeplanten Fahrer keine Zeit mehr hatten, sprang Konstantin im letzten Moment noch als Fahrer ein und es musste kein Kleinbus gechartert werden. Lediglich Emma musste schon am Freitag anreisen, konnte aber daf\u00fcr<\/p><\/div>\n<div class=\"blog-btn\"><a href=\"https:\/\/lippe-ol.de\/?p=128\" class=\"home-blog-btn\">Weiterlesen<\/a><\/p>\n","protected":false},"author":1,"featured_media":0,"comment_status":"open","ping_status":"open","sticky":false,"template":"","format":"standard","meta":{"footnotes":""},"categories":[1],"tags":[],"class_list":["post-128","post","type-post","status-publish","format-standard","hentry","category-uncategorized"],"_links":{"self":[{"href":"https:\/\/lippe-ol.de\/index.php?rest_route=\/wp\/v2\/posts\/128","targetHints":{"allow":["GET"]}}],"collection":[{"href":"https:\/\/lippe-ol.de\/index.php?rest_route=\/wp\/v2\/posts"}],"about":[{"href":"https:\/\/lippe-ol.de\/index.php?rest_route=\/wp\/v2\/types\/post"}],"author":[{"embeddable":true,"href":"https:\/\/lippe-ol.de\/index.php?rest_route=\/wp\/v2\/users\/1"}],"replies":[{"embeddable":true,"href":"https:\/\/lippe-ol.de\/index.php?rest_route=%2Fwp%2Fv2%2Fcomments&post=128"}],"version-history":[{"count":3,"href":"https:\/\/lippe-ol.de\/index.php?rest_route=\/wp\/v2\/posts\/128\/revisions"}],"predecessor-version":[{"id":131,"href":"https:\/\/lippe-ol.de\/index.php?rest_route=\/wp\/v2\/posts\/128\/revisions\/131"}],"wp:attachment":[{"href":"https:\/\/lippe-ol.de\/index.php?rest_route=%2Fwp%2Fv2%2Fmedia&parent=128"}],"wp:term":[{"taxonomy":"category","embeddable":true,"href":"https:\/\/lippe-ol.de\/index.php?rest_route=%2Fwp%2Fv2%2Fcategories&post=128"},{"taxonomy":"post_tag","embeddable":true,"href":"https:\/\/lippe-ol.de\/index.php?rest_route=%2Fwp%2Fv2%2Ftags&post=128"}],"curies":[{"name":"wp","href":"https:\/\/api.w.org\/{rel}","templated":true}]}}